{"id":361,"date":"2018-06-07T13:54:49","date_gmt":"2018-06-07T12:54:49","guid":{"rendered":"http:\/\/clement-distribution-graphic.fr\/?p=361"},"modified":"2018-06-11T14:16:55","modified_gmt":"2018-06-11T13:16:55","slug":"et-si-on-se-modernisait","status":"publish","type":"post","link":"https:\/\/clement-distribution-graphic.fr\/index.php\/2018\/06\/07\/et-si-on-se-modernisait\/","title":{"rendered":"Et si on se modernisait ?"},"content":{"rendered":"<p>Chers clients,<\/p>\n<p>&nbsp;<\/p>\n<p>Vous pouvez nous retrouver d\u00e8s \u00e0 pr\u00e9sent, et activement, sur les r\u00e9seaux sociaux.<br \/>\nSuivez notre actualit\u00e9 sur notre page <a href=\"https:\/\/m.facebook.com\/Clement-Distribution-Graphic-sarlSebek-France-1444862275830639\/?tsid=0.6837399990053963&amp;source=result\">Facebook<\/a><br \/>\nAinsi que notre page <a href=\"https:\/\/www.instagram.com\/clement.distribution.graphic\/\">Instagram<\/a>, o\u00f9 nous exposons, entre autre,\u00a0 les travaux de nos clients !<\/p>\n<p><a href=\"http:\/\/clement-distribution-graphic.fr\/wp-content\/uploads\/2018\/06\/instagram-photo-site.jpg\"><img loading=\"lazy\" class=\"size-medium wp-image-362 aligncenter\" src=\"http:\/\/clement-distribution-graphic.fr\/wp-content\/uploads\/2018\/06\/instagram-photo-site-300x264.jpg\" alt=\"\" width=\"300\" height=\"264\" srcset=\"https:\/\/clement-distribution-graphic.fr\/wp-content\/uploads\/2018\/06\/instagram-photo-site-300x264.jpg 300w, https:\/\/clement-distribution-graphic.fr\/wp-content\/uploads\/2018\/06\/instagram-photo-site.jpg 683w\" sizes=\"(max-width: 300px) 100vw, 300px\" \/><\/a><\/p>\n<p>De plus, CDG s&rsquo;agrandit et a int\u00e9gr\u00e9, au sein de son \u00e9quipe, une nouvelle Technico-commerciale.<\/p>\n<p>&nbsp;<\/p>\n<p>Bien \u00e0 vous,<\/p>\n<p><strong>Let&rsquo;s Create !<\/strong><\/p>\n<p><em>Toute l&rsquo;\u00e9quipe CDG<\/em><\/p>\n","protected":false},"excerpt":{"rendered":"<p>Chers clients, &nbsp; Vous pouvez nous retrouver d\u00e8s \u00e0 pr\u00e9sent, et activement, sur les r\u00e9seaux sociaux. Suivez notre actualit\u00e9 sur notre page Facebook Ainsi que notre page Instagram, o\u00f9 nous exposons, entre autre,\u00a0 les travaux de nos clients ! De plus, CDG s&rsquo;agrandit et a int\u00e9gr\u00e9, au sein de son \u00e9quipe, une nouvelle Technico-commerciale. &nbsp;<a class=\"moretag\" href=\"https:\/\/clement-distribution-graphic.fr\/index.php\/2018\/06\/07\/et-si-on-se-modernisait\/\"><span class=\"screen-reader-text\">En savoir plus surEt si on se modernisait ?<\/span>[&#8230;]<\/a><\/p>\n","protected":false},"author":1,"featured_media":367,"comment_status":"open","ping_status":"open","sticky":false,"template":"","format":"standard","meta":[],"categories":[1],"tags":[],"_links":{"self":[{"href":"https:\/\/clement-distribution-graphic.fr\/index.php\/wp-json\/wp\/v2\/posts\/361"}],"collection":[{"href":"https:\/\/clement-distribution-graphic.fr\/index.php\/wp-json\/wp\/v2\/posts"}],"about":[{"href":"https:\/\/clement-distribution-graphic.fr\/index.php\/wp-json\/wp\/v2\/types\/post"}],"author":[{"embeddable":true,"href":"https:\/\/clement-distribution-graphic.fr\/index.php\/wp-json\/wp\/v2\/users\/1"}],"replies":[{"embeddable":true,"href":"https:\/\/clement-distribution-graphic.fr\/index.php\/wp-json\/wp\/v2\/comments?post=361"}],"version-history":[{"count":2,"href":"https:\/\/clement-distribution-graphic.fr\/index.php\/wp-json\/wp\/v2\/posts\/361\/revisions"}],"predecessor-version":[{"id":364,"href":"https:\/\/clement-distribution-graphic.fr\/index.php\/wp-json\/wp\/v2\/posts\/361\/revisions\/364"}],"wp:featuredmedia":[{"embeddable":true,"href":"https:\/\/clement-distribution-graphic.fr\/index.php\/wp-json\/wp\/v2\/media\/367"}],"wp:attachment":[{"href":"https:\/\/clement-distribution-graphic.fr\/index.php\/wp-json\/wp\/v2\/media?parent=361"}],"wp:term":[{"taxonomy":"category","embeddable":true,"href":"https:\/\/clement-distribution-graphic.fr\/index.php\/wp-json\/wp\/v2\/categories?post=361"},{"taxonomy":"post_tag","embeddable":true,"href":"https:\/\/clement-distribution-graphic.fr\/index.php\/wp-json\/wp\/v2\/tags?post=361"}],"curies":[{"name":"wp","href":"https:\/\/api.w.org\/{rel}","templated":true}]}}